{"id":638,"date":"2018-12-10T12:20:00","date_gmt":"2018-12-10T11:20:00","guid":{"rendered":"http:\/\/alpenrind.doppelpack6.at\/?p=638"},"modified":"2021-05-06T16:27:50","modified_gmt":"2021-05-06T14:27:50","slug":"hilfe-fuer-schmetterlingskinder","status":"publish","type":"post","link":"https:\/\/www.alpenrind.at\/en\/hilfe-fuer-schmetterlingskinder\/","title":{"rendered":"Hilfe f\u00fcr Schmetterlingskinder: ALPENRIND spendet 3.000 Euro f\u00fcr medizinische Versorgung und Forschung"},"content":{"rendered":"\n<p class=\"has-text-align-center\"><strong>Seit vielen Jahren unterst\u00fctzt ALPENRIND, der gr\u00f6\u00dfte Rindfleischproduzent West\u00f6sterreichs,&nbsp;den Verein DEBRA Austria, der sich der Behandlung und Erforschung der Krankheit Epidermolysis bullosa (EB) verschrieben hat. So genannte Schmetterlingskinder leiden stark unter der angeborenen Hauterkrankung EB, bei der geringste Ber\u00fchrungen der Haut zu schweren Wunden f\u00fchren: Die Haut ist so verletzlich wie ein Schmetterlingsfl\u00fcgel.<\/strong><\/p>\n\n\n\n<p class=\"has-text-align-center\">\u201eWir sehen unsere Spende von 3.000 Euro als Teil unserer unternehmerischen sozialen Verantwortung und mir selbst ist das Projekt ein wichtiges pers\u00f6nliches Anliegen\u201c, erkl\u00e4rte ALPENRIND-Gesch\u00e4ftsf\u00fchrer Mag. Roland Ackermann bei der \u00dcbergabe an Primar Univ.-Prof. Dr. Johann Bauer. \u201eMit unserer Spende werden den Patienten spezielle Schmerz- und Bewegungstherapien erm\u00f6glicht. Ein weiterer Teil der Zuwendung kommt der Forschung des EB-Hauses zugute und soll helfen, die Symptome und Komplikationen der Erkrankung zu verstehen, um das Leben der Schmetterlingskinder zu erleichtern\u201c, so Ackermann.<\/p>\n\n\n\n<div class=\"wp-block-image\"><figure class=\"aligncenter size-large\"><img decoding=\"async\" width=\"512\" height=\"341\" src=\"https:\/\/www.alpenrind.at\/wp-content\/uploads\/Schmetterlingskinder.jpg\" alt=\"\" class=\"wp-image-639\" srcset=\"https:\/\/www.alpenrind.at\/wp-content\/uploads\/Schmetterlingskinder.jpg 512w, https:\/\/www.alpenrind.at\/wp-content\/uploads\/Schmetterlingskinder-300x200.jpg 300w\" sizes=\"(max-width: 512px) 100vw, 512px\" \/><figcaption>ALPENRIND-Gesch\u00e4ftsf\u00fchrer Mag. Roland Ackermann (rechts) bei der Spenden\u00fcbergabe an Primar Univ.-Prof. Dr. Johann Bauer vom Verein DEBRA Austria (links) \u00a9 ALPENRIND\/R. Hametner<\/figcaption><\/figure><\/div>\n","protected":false},"excerpt":{"rendered":"<p>Seit vielen Jahren unterst\u00fctzt ALPENRIND, der gr\u00f6\u00dfte Rindfleischproduzent West\u00f6sterreichs,&nbsp;den Verein DEBRA Austria, der sich der Behandlung und Erforschung der Krankheit Epidermolysis bullosa (EB) verschrieben hat. So genannte Schmetterlingskinder&hellip;<\/p>\n","protected":false},"author":3,"featured_media":639,"comment_status":"closed","ping_status":"closed","sticky":false,"template":"","format":"standard","meta":{"_acf_changed":false,"footnotes":""},"categories":[1],"tags":[],"class_list":["post-638","post","type-post","status-publish","format-standard","has-post-thumbnail","hentry","category-unkategorisiert"],"acf":[],"_links":{"self":[{"href":"https:\/\/www.alpenrind.at\/en\/wp-json\/wp\/v2\/posts\/638","targetHints":{"allow":["GET"]}}],"collection":[{"href":"https:\/\/www.alpenrind.at\/en\/wp-json\/wp\/v2\/posts"}],"about":[{"href":"https:\/\/www.alpenrind.at\/en\/wp-json\/wp\/v2\/types\/post"}],"author":[{"embeddable":true,"href":"https:\/\/www.alpenrind.at\/en\/wp-json\/wp\/v2\/users\/3"}],"replies":[{"embeddable":true,"href":"https:\/\/www.alpenrind.at\/en\/wp-json\/wp\/v2\/comments?post=638"}],"version-history":[{"count":6,"href":"https:\/\/www.alpenrind.at\/en\/wp-json\/wp\/v2\/posts\/638\/revisions"}],"predecessor-version":[{"id":1601,"href":"https:\/\/www.alpenrind.at\/en\/wp-json\/wp\/v2\/posts\/638\/revisions\/1601"}],"wp:featuredmedia":[{"embeddable":true,"href":"https:\/\/www.alpenrind.at\/en\/wp-json\/wp\/v2\/media\/639"}],"wp:attachment":[{"href":"https:\/\/www.alpenrind.at\/en\/wp-json\/wp\/v2\/media?parent=638"}],"wp:term":[{"taxonomy":"category","embeddable":true,"href":"https:\/\/www.alpenrind.at\/en\/wp-json\/wp\/v2\/categories?post=638"},{"taxonomy":"post_tag","embeddable":true,"href":"https:\/\/www.alpenrind.at\/en\/wp-json\/wp\/v2\/tags?post=638"}],"curies":[{"name":"wp","href":"https:\/\/api.w.org\/{rel}","templated":true}]}}